{"id":819,"date":"2013-07-29T18:09:56","date_gmt":"2013-07-29T18:09:56","guid":{"rendered":"http:\/\/www.gib-immobilien.de\/blog\/?p=819"},"modified":"2013-07-29T18:09:56","modified_gmt":"2013-07-29T18:09:56","slug":"damit-die-immobilie-auch-im-alter-nicht-zur-last-wird","status":"publish","type":"post","link":"http:\/\/www.gib-immobilien.de\/blog\/damit-die-immobilie-auch-im-alter-nicht-zur-last-wird\/","title":{"rendered":"Damit die Immobilie auch im Alter nicht zur Last wird!"},"content":{"rendered":"<p><i>Der demographische Wandel und hier insbesondere die \u00dcberalterung unsrer Gesellschaft ist schon des \u00d6fteren in den Medien thematisiert worden. Selbst allgemeine Online Lexika wie Wikipedia befassen (<\/i><i>http:\/\/de.wikipedia.org\/wiki\/Demografischer_Wandel_in_Deutschland<\/i><i>) sich mit diesen Ver\u00e4nderungen und Herausforderungen, vor die unser Land gestellt ist \u2026 doch was k\u00f6nnte das mit <span class='wp_keywordlink'><a href=\"http:\/\/www.gib-immobilien.de\" title=\"Immobilien Angebote\">Immobilien<\/a><\/span>, deren Erwerb und Gestaltung zu tun haben!?<\/i><\/p>\n<p>Nun, wer schon mal die Makler Doku Soap \u201emieten, kaufen, wohnen\u201c auf VOX geschaut hat, wei\u00df, wie h\u00e4ufig Senioren ihr Eigenheim, das zu gro\u00df wurde, wieder aufgeben und aus dem freistehenden H\u00e4uschen in eine Eigentums- oder gar Mietwohnung zur\u00fcck ziehen. Tats\u00e4chlich sind megaweite Wohnfluchten, riesige Grundst\u00fccke oder elegante Maisonette-Wohnungen, die sich \u00fcber mehrere Etagen ausdehnen, eine zweischneidige Sache und k\u00f6nn(t)en, bei aller Eleganz, mit zunehmendem Alter zu einer Last werden. Denn der Garten will nat\u00fcrlich gepflegt sein und auch der Anblick der eleganten Wendeltreppe macht nur noch wenig Freude, wenn die Stufen pl\u00f6tzlich zur Qual werden. Nur einer der Gr\u00fcnde, warum heute auf Seniorenmessen auch das barrierefreie Wohnen bzw. die Umgestaltung von Wohnr\u00e4umen f\u00fcrs Alter, sei es nun durch Treppenlifte oder ebenerdige Duschen, stets ein gro\u00dfes Thema sind.<\/p>\n<p>Dabei k\u00f6nnen gerade die barrierefreien B\u00e4der mit ihren sehr bequemen, bodengleichen Duschen heute \u00e4u\u00dferst elegant sein. Ein echter Hingucker, der keinesfalls das Ambiente einer Seniorenresidenz mit sich bringt. Ja, ein Wohnumfeld ohne Barrieren erh\u00f6he die Lebensqualit\u00e4t \u2013 und das f\u00fcr alle Generationen, best\u00e4tigt der Verband Wohneigentum. Ein wichtiger Umstand, wenn auch j\u00fcngere Menschen mit in der <span class='wp_keywordlink'><a href=\"http:\/\/www.gib-immobilien.de\" title=\"Immobilie\">Immobilie<\/a><\/span> wohnen und\/oder was eine sp\u00e4tere Ver\u00e4u\u00dferung des Objektes angeht. Denn k\u00e4me das, nach der Umgestaltung, im Charme eines Altenheimes oder Krankenhauses daher, d\u00fcrfte, nach dem Ableben der Senioren, f\u00fcr die Erben eine Vermarktung nat\u00fcrlich schwer sein \u2026<\/p>\n<p>Tats\u00e4chlich empfiehlt (<a href=\"http:\/\/www.verband-wohneigentum.de\/bv\/on58011\">http:\/\/www.verband-wohneigentum.de\/bv\/on58011<\/a>) der Verband Wohneigentum, sich so fr\u00fch wie m\u00f6glich mit dieser Thematik zu befassen: \u201eUm m\u00f6glichst lange im eigenen <span class='wp_keywordlink'><a href=\"http:\/\/www.gib-immobilien.de\/web\/bauen\/haustypen\/haustypen.html\" title=\"Unterschiedliche Haustypen\">Haus<\/a><\/span> leben zu k\u00f6nnen und \u00fcberh\u00f6hte Kosten beim Abbau von Barrieren zu vermeiden, ist eine rechtzeitige Planung wichtig. H\u00e4ufig steigern schon kleine Umgestaltungen den Wohnkomfort deutlich \u2013 und das f\u00fcr Alt wie Jung!\u201c Je fr\u00fcher man mit dem Umr\u00fcsten beginne, desto g\u00fcnstiger wird die Umsetzung.<\/p>\n<p>Bereits 2012 hat man hier daher die Brosch\u00fcre \u201eWohnkomfort f\u00fcr alle \u2013 Barrieren abbauen\u201c herausgebracht, die die wichtigsten \u201eBaustellen\u201c im Haus, den Eingangsbereich mit seinen Stufen, aber auch das Badezimmer und m\u00f6glicherweise zu enge T\u00fcren, ins Auge fasst und jene Ma\u00dfnahmen, die Hindernisse aus dem Weg r\u00e4umen, detailliert vorstellt: \u201eAuch die richtige Beleuchtung und der <a href=\"http:\/\/www.gib-immobilien.de\/blog\/wenn-der-garten-mit-seinen-gewaechsen-zu-einer-toedlichen-gefahr-wird\/\">Garten<\/a> werden angesprochen!\u201c<\/p>\n<p>Diese kostenfreie Brosch\u00fcre ist bei den Landesverb\u00e4nden des Verbands Wohneigentum erh\u00e4ltlich oder kann als PDF (<a href=\"http:\/\/www.verband-wohneigentum.de\/\">www.verband-wohneigentum.de<\/a>) unter der Rubrik \u201eDownloads\u201c abgerufen werden. Dass das Problem dr\u00e4ngend ist und die m\u00f6glichst lange Eigenst\u00e4ndigkeit von Senioren ein hohes und sch\u00fctzenswertes Ziel ist, glaubt auch der Sozialverband VdK, der in seiner Zeitung (<a href=\"http:\/\/www.vdk.de\/deutschland\/pages\/presse\/vdk_zeitung\/25427\/wie_eine_stadt_rechtzeitig_fuer_ihre_senioren_vorsorgt\">http:\/\/www.vdk.de\/deutschland\/pages\/presse\/vdk_zeitung\/25427\/wie_eine_stadt_rechtzeitig_fuer_ihre_senioren_vorsorgt<\/a>) exemplarisch die bayerische Kleinstadt R\u00f6dental und deren Konzepte f\u00fcr eine \u00e4lter werdende Gesellschaft vorgestellt hat.<\/p>\n<p>Doch was ist, wenn das Geld nie f\u00fcr eine eigene Immobilie gereicht hat? Nun, dass durchaus auch behindertengerechte Mietwohnungen auf dem Markt sind, best\u00e4tigen (<a href=\"http:\/\/www.fnweb.de\/region\/neckar-odenwald\/walldurn\/wert-auf-barrierefreies-wohnen-gelegt-1.1132958\">http:\/\/www.fnweb.de\/region\/neckar-odenwald\/walldurn\/wert-auf-barrierefreies-wohnen-gelegt-1.1132958<\/a>) die Fr\u00e4nkischen Nachrichten. So habe zum Beispiel in Walld\u00fcrn die Familienheim Buchen-Tauberbischofsheim Baugenossenschaft Wert auf ein barrierefreies Wohnen gelegt.<\/p>\n<p>Auch die Nordwest Zeitung widmet sich in einem Beitrag dem Bremer Verein \u201eKom.fort\u201c und dessen Kampf gegen Stolperfallen und Barrieren in den eigenen vier W\u00e4nden: \u201eVon schwellenlosen Durchg\u00e4ngen und breiten T\u00fcren profitierten alle Altersgruppen\u201c, zitiert (<a href=\"http:\/\/www.nwzonline.de\/nwzonline-impressum_a_1,0,124514788.html\">http:\/\/www.nwzonline.de\/nwzonline-impressum_a_1,0,124514788.html<\/a>) man hier Architektin Ulrike Brilling.<\/p>\n<p>Kein Grund also, vor diesem wichtigen Thema die Augen zu verschlie\u00dfen!<\/p>\n<p><b><i>Copyright by Peter Hoffmann <\/i><\/b><\/p>\n","protected":false},"excerpt":{"rendered":"<p>Der demographische Wandel und hier insbesondere die \u00dcberalterung unsrer Gesellschaft ist schon des \u00d6fteren in den Medien thematisiert worden. Selbst allgemeine Online Lexika wie Wikipedia befassen (http:\/\/de.wikipedia.org\/wiki\/Demografischer_Wandel_in_Deutschland) sich mit diesen Ver\u00e4nderungen und Herausforderungen, vor die unser Land gestellt ist \u2026 doch was k\u00f6nnte das mit Immobilien, deren Erwerb und Gestaltung zu tun haben!? Nun, wer [&hellip;]<\/p>\n","protected":false},"author":1,"featured_media":0,"comment_status":"open","ping_status":"closed","sticky":false,"template":"","format":"standard","meta":[],"categories":[7,4],"tags":[],"_links":{"self":[{"href":"http:\/\/www.gib-immobilien.de\/blog\/wp-json\/wp\/v2\/posts\/819"}],"collection":[{"href":"http:\/\/www.gib-immobilien.de\/blog\/wp-json\/wp\/v2\/posts"}],"about":[{"href":"http:\/\/www.gib-immobilien.de\/blog\/wp-json\/wp\/v2\/types\/post"}],"author":[{"embeddable":true,"href":"http:\/\/www.gib-immobilien.de\/blog\/wp-json\/wp\/v2\/users\/1"}],"replies":[{"embeddable":true,"href":"http:\/\/www.gib-immobilien.de\/blog\/wp-json\/wp\/v2\/comments?post=819"}],"version-history":[{"count":1,"href":"http:\/\/www.gib-immobilien.de\/blog\/wp-json\/wp\/v2\/posts\/819\/revisions"}],"predecessor-version":[{"id":821,"href":"http:\/\/www.gib-immobilien.de\/blog\/wp-json\/wp\/v2\/posts\/819\/revisions\/821"}],"wp:attachment":[{"href":"http:\/\/www.gib-immobilien.de\/blog\/wp-json\/wp\/v2\/media?parent=819"}],"wp:term":[{"taxonomy":"category","embeddable":true,"href":"http:\/\/www.gib-immobilien.de\/blog\/wp-json\/wp\/v2\/categories?post=819"},{"taxonomy":"post_tag","embeddable":true,"href":"http:\/\/www.gib-immobilien.de\/blog\/wp-json\/wp\/v2\/tags?post=819"}],"curies":[{"name":"wp","href":"https:\/\/api.w.org\/{rel}","templated":true}]}}